{"id":9357,"date":"2023-12-25T08:11:52","date_gmt":"2023-12-25T08:11:52","guid":{"rendered":"https:\/\/www.ier.si\/?p=9357"},"modified":"2023-12-25T08:11:54","modified_gmt":"2023-12-25T08:11:54","slug":"predstavitev-prispevka-na-konferenci-o-matematicnih-vidikih-podatkovne-znanosti","status":"publish","type":"post","link":"https:\/\/www.ier.si\/en\/predstavitev-prispevka-na-konferenci-o-matematicnih-vidikih-podatkovne-znanosti\/","title":{"rendered":"Predstavitev prispevka na konferenci o matemati\u010dnih vidikih podatkovne znanosti"},"content":{"rendered":"<p>Na <a href=\"https:\/\/sites.google.com\/view\/icsds2023\/home?authuser=0\" target=\"_blank\" rel=\"noreferrer noopener\">drugi konferenci o statistiki in podatkovni znanosti<\/a> zdru\u017eenja Institute of Mathematical Statistics (IMS), enega dveh osrednjih mednarodnih zdru\u017eenj podro\u010dij matemati\u010dne statistike in verjetnosti, ki je potekala med 18. in 21. decembrom v Lizboni, je dr. Andrej Srakar predstavil svoj prispevek\u00a0&#8220;Spectral CLTs with long memory and aging for large language and large multimodal models&#8221;. V prispevku preu\u010duje verjetnostne vidike obse\u017enih jezikovnih modelov in njihovih raz\u0161iritev.<\/p>\n\n\n\n<p>Konferenca je nastala kot odziv zdru\u017eenja IMS na anketo med svojimi \u010dlani v letu 2021, ki so \u017eeleli ve\u010dji poudarek metodam raziskovanja podatkovne znanosti in aplikacijam na podro\u010dju umetne inteligence. Prva konferenca je potekala lani v Firencah.<\/p>","protected":false},"excerpt":{"rendered":"<p>Na drugi konferenci o statistiki in podatkovni znanosti zdru\u017eenja Institute of Mathematical Statistics (IMS), enega dveh osrednjih mednarodnih zdru\u017eenj podro\u010dij matemati\u010dne statistike in verjetnosti, ki je potekala med 18. in 21. decembrom v Lizboni, je dr. Andrej Srakar predstavil svoj prispevek\u00a0&#8220;Spectral CLTs with long memory and aging for large language and large multimodal models&#8221;. V prispevku preu\u010duje verjetnostne vidike obse\u017enih jezikovnih modelov in njihovih raz\u0161iritev. Konferenca je nastala kot odziv zdru\u017eenja IMS na anketo med svojimi \u010dlani v letu 2021, ki so \u017eeleli ve\u010dji poudarek metodam raziskovanja podatkovne znanosti in aplikacijam na podro\u010dju umetne inteligence. Prva konferenca je potekala lani v Firencah.<\/p>","protected":false},"author":1,"featured_media":9358,"comment_status":"closed","ping_status":"closed","sticky":false,"template":"","format":"standard","meta":{"_acf_changed":false,"footnotes":"","_links_to":"","_links_to_target":""},"categories":[3],"tags":[142],"class_list":["post-9357","post","type-post","status-publish","format-standard","has-post-thumbnail","hentry","category-novice","tag-142"],"acf":[],"publishpress_future_action":{"enabled":false,"date":"2026-05-02 08:27:36","action":"change-status","newStatus":"draft","terms":[],"taxonomy":"category","extraData":[]},"publishpress_future_workflow_manual_trigger":{"enabledWorkflows":[]},"_links":{"self":[{"href":"https:\/\/www.ier.si\/en\/wp-json\/wp\/v2\/posts\/9357","targetHints":{"allow":["GET"]}}],"collection":[{"href":"https:\/\/www.ier.si\/en\/wp-json\/wp\/v2\/posts"}],"about":[{"href":"https:\/\/www.ier.si\/en\/wp-json\/wp\/v2\/types\/post"}],"author":[{"embeddable":true,"href":"https:\/\/www.ier.si\/en\/wp-json\/wp\/v2\/users\/1"}],"replies":[{"embeddable":true,"href":"https:\/\/www.ier.si\/en\/wp-json\/wp\/v2\/comments?post=9357"}],"version-history":[{"count":1,"href":"https:\/\/www.ier.si\/en\/wp-json\/wp\/v2\/posts\/9357\/revisions"}],"predecessor-version":[{"id":9359,"href":"https:\/\/www.ier.si\/en\/wp-json\/wp\/v2\/posts\/9357\/revisions\/9359"}],"wp:featuredmedia":[{"embeddable":true,"href":"https:\/\/www.ier.si\/en\/wp-json\/wp\/v2\/media\/9358"}],"wp:attachment":[{"href":"https:\/\/www.ier.si\/en\/wp-json\/wp\/v2\/media?parent=9357"}],"wp:term":[{"taxonomy":"category","embeddable":true,"href":"https:\/\/www.ier.si\/en\/wp-json\/wp\/v2\/categories?post=9357"},{"taxonomy":"post_tag","embeddable":true,"href":"https:\/\/www.ier.si\/en\/wp-json\/wp\/v2\/tags?post=9357"}],"curies":[{"name":"wp","href":"https:\/\/api.w.org\/{rel}","templated":true}]}}