{"id":6633,"date":"2021-02-12T00:00:14","date_gmt":"2021-02-12T00:00:14","guid":{"rendered":"https:\/\/ier.si\/?p=6633"},"modified":"2023-01-16T11:02:08","modified_gmt":"2023-01-16T11:02:08","slug":"spletni-seminar-youngstats","status":"publish","type":"post","link":"https:\/\/www.ier.si\/en\/spletni-seminar-youngstats\/","title":{"rendered":"Spletni seminar YoungStatS"},"content":{"rendered":"<p>Projekt YoungStatS, ki ga koordinira znanstveni sodelavec IER doc. dr. Andrej Srakar in je nastal na pobudo Mlade sekcije Statisti\u010dnega dru\u0161tva Slovenije, podpira pa ga tudi zdru\u017eenje Bernoulli Society for Mathematical Statistics and Probability, pri\u010denja s spletnimi seminarji One World YoungStats, namenjenimi predstavljanju zanimivej\u0161ih mlaj\u0161ih raziskovalcev na podro\u010djih statistike, verjetnosti in ekonometrije v mednarodnem merilu. Prvi spletni seminar bo potekal na temo Recent Advances in COVID-19 modelling, na njem pa se bodo predstavili \u0161tirje vodilni mlaj\u0161i evropski raziskovalci na podro\u010dju modeliranja sedanje pandemije. Predstavitve prvega seminarja bo komentiral prof. dr. Jean-St\u00e9phane Dhersin (Universit\u00e9 Sorbonne Paris Nord). Seminar bo potekal v sredo, 10. februarja 2021, s pri\u010detkom ob 16. uri. Ve\u010d informacij z mo\u017enostjo prijave najdete na&nbsp;<a rel=\"noreferrer noopener\" href=\"https:\/\/fenstats.eu\/news\/YoungStats_blog\" target=\"_blank\">tej spletni strani<\/a>.<\/p>","protected":false},"excerpt":{"rendered":"<p>Projekt YoungStatS, ki ga koordinira znanstveni sodelavec IER doc. dr. Andrej Srakar in je nastal na pobudo Mlade sekcije Statisti\u010dnega dru\u0161tva Slovenije, podpira pa ga tudi zdru\u017eenje Bernoulli Society for Mathematical Statistics and Probability, pri\u010denja s spletnimi seminarji One World YoungStats, namenjenimi predstavljanju zanimivej\u0161ih mlaj\u0161ih raziskovalcev na podro\u010djih statistike, verjetnosti in ekonometrije v mednarodnem merilu. Prvi spletni seminar bo potekal na temo Recent Advances in COVID-19 modelling, na njem pa se bodo predstavili \u0161tirje vodilni mlaj\u0161i evropski raziskovalci na podro\u010dju modeliranja sedanje pandemije. Predstavitve prvega seminarja bo komentiral prof. dr. Jean-St\u00e9phane Dhersin (Universit\u00e9 Sorbonne Paris Nord). Seminar bo potekal v sredo, 10. februarja 2021, s pri\u010detkom ob 16. uri. Ve\u010d informacij z mo\u017enostjo prijave najdete na&nbsp;tej spletni strani.<\/p>","protected":false},"author":1,"featured_media":6636,"comment_status":"closed","ping_status":"closed","sticky":false,"template":"","format":"standard","meta":{"_acf_changed":false,"footnotes":"","_links_to":"","_links_to_target":""},"categories":[3],"tags":[27],"class_list":["post-6633","post","type-post","status-publish","format-standard","has-post-thumbnail","hentry","category-novice","tag-27"],"acf":[],"publishpress_future_action":{"enabled":false,"date":"2026-05-02 08:46:37","action":"change-status","newStatus":"draft","terms":[],"taxonomy":"category","extraData":[]},"publishpress_future_workflow_manual_trigger":{"enabledWorkflows":[]},"_links":{"self":[{"href":"https:\/\/www.ier.si\/en\/wp-json\/wp\/v2\/posts\/6633","targetHints":{"allow":["GET"]}}],"collection":[{"href":"https:\/\/www.ier.si\/en\/wp-json\/wp\/v2\/posts"}],"about":[{"href":"https:\/\/www.ier.si\/en\/wp-json\/wp\/v2\/types\/post"}],"author":[{"embeddable":true,"href":"https:\/\/www.ier.si\/en\/wp-json\/wp\/v2\/users\/1"}],"replies":[{"embeddable":true,"href":"https:\/\/www.ier.si\/en\/wp-json\/wp\/v2\/comments?post=6633"}],"version-history":[{"count":2,"href":"https:\/\/www.ier.si\/en\/wp-json\/wp\/v2\/posts\/6633\/revisions"}],"predecessor-version":[{"id":6635,"href":"https:\/\/www.ier.si\/en\/wp-json\/wp\/v2\/posts\/6633\/revisions\/6635"}],"wp:featuredmedia":[{"embeddable":true,"href":"https:\/\/www.ier.si\/en\/wp-json\/wp\/v2\/media\/6636"}],"wp:attachment":[{"href":"https:\/\/www.ier.si\/en\/wp-json\/wp\/v2\/media?parent=6633"}],"wp:term":[{"taxonomy":"category","embeddable":true,"href":"https:\/\/www.ier.si\/en\/wp-json\/wp\/v2\/categories?post=6633"},{"taxonomy":"post_tag","embeddable":true,"href":"https:\/\/www.ier.si\/en\/wp-json\/wp\/v2\/tags?post=6633"}],"curies":[{"name":"wp","href":"https:\/\/api.w.org\/{rel}","templated":true}]}}