{"id":10385,"date":"2025-09-26T07:58:16","date_gmt":"2025-09-26T07:58:16","guid":{"rendered":"https:\/\/www.ier.si\/?p=10385"},"modified":"2025-10-02T08:06:33","modified_gmt":"2025-10-02T08:06:33","slug":"udelezba-na-konferenci-startmeup-2025","status":"publish","type":"post","link":"https:\/\/www.ier.si\/en\/udelezba-na-konferenci-startmeup-2025\/","title":{"rendered":"Participation in the StartMeUp! 2025 conference"},"content":{"rendered":"<p class=\"translation-block\">The StartMeUp! international conference, co-organised by Advantage Austria, the Slovenian-German Chamber of Commerce, and SPIRIT Slovenia, took place in Kristalna pala\u010da on 24 September 2025. The event aimed to connect innovators, entrepreneurs and companies from Slovenia and Austria, opening the way to new markets through cross-border cooperation.<\/p>\n\n\n\n<p>The conference programme combined informative lectures, panel discussions, presentations of business ideas, and short one-to-one business meetings, where participants could connect directly with potential partners. There was a particular focus on discussions about the creation of innovative entrepreneurial ecosystems and the challenges and opportunities for start-up growth in the region,<\/p>\n\n\n\n<p>The event was attended by Luka Radi\u010devi\u0107, a young researcher at the Institute of Economic Research, who is conducting doctoral research into the field of social impact investing and the relationships between investors and entrepreneurs. Participation provides insight into current research trends and opportunities for linking research findings with business practice.<\/p>","protected":false},"excerpt":{"rendered":"<p>V Kristalni pala\u010di v Ljubljani je 24. septembra 2025 potekala mednarodna konferenca StartMeUp! v soorganizaciji Advantage Austria, Slovensko-nem\u0161ke gospodarske zbornice in SPIRIT Slovenija. Dogodek je namenjen povezovanju inovatorjev, podjetnikov in podjetij iz Slovenije in Avstrije ter odpiranju poti do novih trgov preko \u010dezmejnega sodelovanja. Program konference je zdru\u017eeval pou\u010dna predavanja, panelne razprave, predstavitve poslovnih idej ter kratke poslovne razgovore ena na ena, kjer so se udele\u017eenci lahko neposredno povezali s potencialnimi partnerji. Posebej odmevne so bile razprave o oblikovanju inovativnih podjetni\u0161kih ekosistemov ter o izzivih in prilo\u017enostih za rast zagonskih podjetij v regiji. Dogodka se je udele\u017eil Luka Radi\u010devi\u0107, mladi raziskovalec na Institutu za ekonomska raziskovanja, ki v okviru doktorskega \u0161tudija raziskuje podro\u010dje vlaganja z dru\u017ebenimi u\u010dinki ter odnose med vlagatelji in podjetniki. Sodelovanje na tovrstnih dogodkih omogo\u010da vpogled v aktualne raziskovalne trende in prilo\u017enosti za povezovanje raziskovalnih spoznanj s prakso podjetni\u0161kega sveta.<\/p>","protected":false},"author":1,"featured_media":10387,"comment_status":"closed","ping_status":"closed","sticky":false,"template":"","format":"standard","meta":{"_acf_changed":false,"footnotes":"","_links_to":"","_links_to_target":""},"categories":[3],"tags":[149],"class_list":["post-10385","post","type-post","status-publish","format-standard","has-post-thumbnail","hentry","category-novice","tag-149"],"acf":[],"publishpress_future_action":{"enabled":false,"date":"2026-05-04 16:07:51","action":"change-status","newStatus":"draft","terms":[],"taxonomy":"category","extraData":[]},"publishpress_future_workflow_manual_trigger":{"enabledWorkflows":[]},"_links":{"self":[{"href":"https:\/\/www.ier.si\/en\/wp-json\/wp\/v2\/posts\/10385","targetHints":{"allow":["GET"]}}],"collection":[{"href":"https:\/\/www.ier.si\/en\/wp-json\/wp\/v2\/posts"}],"about":[{"href":"https:\/\/www.ier.si\/en\/wp-json\/wp\/v2\/types\/post"}],"author":[{"embeddable":true,"href":"https:\/\/www.ier.si\/en\/wp-json\/wp\/v2\/users\/1"}],"replies":[{"embeddable":true,"href":"https:\/\/www.ier.si\/en\/wp-json\/wp\/v2\/comments?post=10385"}],"version-history":[{"count":1,"href":"https:\/\/www.ier.si\/en\/wp-json\/wp\/v2\/posts\/10385\/revisions"}],"predecessor-version":[{"id":10388,"href":"https:\/\/www.ier.si\/en\/wp-json\/wp\/v2\/posts\/10385\/revisions\/10388"}],"wp:featuredmedia":[{"embeddable":true,"href":"https:\/\/www.ier.si\/en\/wp-json\/wp\/v2\/media\/10387"}],"wp:attachment":[{"href":"https:\/\/www.ier.si\/en\/wp-json\/wp\/v2\/media?parent=10385"}],"wp:term":[{"taxonomy":"category","embeddable":true,"href":"https:\/\/www.ier.si\/en\/wp-json\/wp\/v2\/categories?post=10385"},{"taxonomy":"post_tag","embeddable":true,"href":"https:\/\/www.ier.si\/en\/wp-json\/wp\/v2\/tags?post=10385"}],"curies":[{"name":"wp","href":"https:\/\/api.w.org\/{rel}","templated":true}]}}